{"id":1348,"date":"2020-11-21T17:02:23","date_gmt":"2020-11-21T20:02:23","guid":{"rendered":"http:\/\/lachacradelpuerto.uy\/?p=1348"},"modified":"2020-12-03T20:03:13","modified_gmt":"2020-12-03T23:03:13","slug":"reabrio-el-mercado-del-puerto-y-alberto-cuenta-su-historia","status":"publish","type":"post","link":"https:\/\/www.lachacradelpuerto.uy\/index.php\/2020\/11\/21\/reabrio-el-mercado-del-puerto-y-alberto-cuenta-su-historia\/","title":{"rendered":"Reabri\u00f3 el Mercado del puerto y Alberto cuenta su historia"},"content":{"rendered":"\t\t<div data-elementor-type=\"wp-post\" data-elementor-id=\"1348\" class=\"elementor elementor-1348\" data-elementor-post-type=\"post\">\n\t\t\t\t\t\t<section class=\"elementor-section elementor-top-section elementor-element elementor-element-3b0d266d elementor-section-boxed elementor-section-height-default elementor-section-height-default\" data-id=\"3b0d266d\" data-element_type=\"section\" data-e-type=\"section\">\n\t\t\t\t\t\t<div class=\"elementor-container elementor-column-gap-default\">\n\t\t\t\t\t<div class=\"elementor-column elementor-col-100 elementor-top-column elementor-element elementor-element-1d484109\" data-id=\"1d484109\" data-element_type=\"column\" data-e-type=\"column\">\n\t\t\t<div class=\"elementor-widget-wrap elementor-element-populated\">\n\t\t\t\t\t\t<div class=\"elementor-element elementor-element-638bd1ea elementor-widget elementor-widget-text-editor\" data-id=\"638bd1ea\" data-element_type=\"widget\" data-e-type=\"widget\" data-widget_type=\"text-editor.default\">\n\t\t\t\t<div class=\"elementor-widget-container\">\n\t\t\t\t\t\t\t\t\t<p><\/p>\n<h2 class=\"wp-block-heading\">Su padre comenz\u00f3 el negocio familiar en este lugar hace m\u00e1s de 40 a\u00f1os. Hoy \u00e9l y su hermana son propietarios de dos restaurantes del lugar.<\/h2>\n<p><\/p>\n<p><\/p>\n<p>El\u00a0Mercado del puerto\u00a0reabri\u00f3 sus puertas respetando estrictas medidas sanitarias. Si bien se nota la ausencia de turistas, los uruguayos lentamente comenzaron a visitarlo. En este nuevo\u00a0Protagonistas\u00a0conocemos a Alberto, que tiene un restaurante all\u00ed hace 18 a\u00f1os.<\/p>\n<p><\/p>\n<p><\/p>\n<p>Su familia trabaja en el mercado hace m\u00e1s de 40 a\u00f1os. Su padre ten\u00eda un bar, que luego su madre transform\u00f3 en una parrillada, que hoy maneja su hermana Veronica.<\/p>\n<p><span style=\"font-size: 15px;\">Podes ver la nota completa en\u00a0<\/span><span style=\"font-size: 15px;\">\u00a0<\/span><a style=\"font-size: 15px; background-color: #ffffff;\" href=\"https:\/\/www.subrayado.com.uy\/reabrio-el-mercado-del-puerto-y-alberto-cuenta-su-historia-n653124\" target=\"_blank\" rel=\"noopener\">Subrayado HD<\/a><\/p>\n<p><\/p>\t\t\t\t\t\t\t\t<\/div>\n\t\t\t\t<\/div>\n\t\t\t\t<div class=\"elementor-element elementor-element-be0b225 elementor-widget elementor-widget-video\" data-id=\"be0b225\" data-element_type=\"widget\" data-e-type=\"widget\" data-settings=\"{&quot;video_type&quot;:&quot;hosted&quot;,&quot;controls&quot;:&quot;yes&quot;}\" data-widget_type=\"video.default\">\n\t\t\t\t<div class=\"elementor-widget-container\">\n\t\t\t\t\t\t\t<div class=\"e-hosted-video elementor-wrapper elementor-open-inline\">\n\t\t\t\t\t<video class=\"elementor-video\" src=\"http:\/\/lachacradelpuerto.uy\/wp-content\/uploads\/2020\/11\/51ab8760-c586-4837-a8ce-15b29abcefff.mp4\" controls=\"\" preload=\"metadata\" controlsList=\"nodownload\"><\/video>\n\t\t\t\t<\/div>\n\t\t\t\t\t\t<\/div>\n\t\t\t\t<\/div>\n\t\t\t\t<div class=\"elementor-element elementor-element-55189d6 elementor-widget elementor-widget-video\" data-id=\"55189d6\" data-element_type=\"widget\" data-e-type=\"widget\" data-settings=\"{&quot;video_type&quot;:&quot;hosted&quot;,&quot;controls&quot;:&quot;yes&quot;}\" data-widget_type=\"video.default\">\n\t\t\t\t<div class=\"elementor-widget-container\">\n\t\t\t\t\t\t\t<div class=\"e-hosted-video elementor-wrapper elementor-open-inline\">\n\t\t\t\t\t<video class=\"elementor-video\" src=\"http:\/\/lachacradelpuerto.uy\/wp-content\/uploads\/2020\/11\/f82cf60c-acb9-43f4-9ecb-440c349d2740.mp4\" controls=\"\" preload=\"metadata\" controlsList=\"nodownload\"><\/video>\n\t\t\t\t<\/div>\n\t\t\t\t\t\t<\/div>\n\t\t\t\t<\/div>\n\t\t\t\t\t<\/div>\n\t\t<\/div>\n\t\t\t\t\t<\/div>\n\t\t<\/section>\n\t\t\t\t<\/div>\n\t\t","protected":false},"excerpt":{"rendered":"<p>Su padre comenz\u00f3 el negocio familiar en este lugar hace m\u00e1s de 40 a\u00f1os. Hoy \u00e9l y su hermana son propietarios de dos restaurantes del lugar. El\u00a0Mercado del puerto\u00a0reabri\u00f3 sus puertas respetando estrictas medidas sanitarias. Si bien se nota la ausencia de turistas, los uruguayos lentamente comenzaron a visitarlo. En este nuevo\u00a0Protagonistas\u00a0conocemos a Alberto, que [&hellip;]<\/p>\n","protected":false},"author":1,"featured_media":1349,"comment_status":"open","ping_status":"open","sticky":false,"template":"","format":"standard","meta":{"loftloader_page_shortcode":"","site-sidebar-layout":"default","site-content-layout":"default","ast-site-content-layout":"default","site-content-style":"default","site-sidebar-style":"default","ast-global-header-display":"","ast-banner-title-visibility":"","ast-main-header-display":"","ast-hfb-above-header-display":"","ast-hfb-below-header-display":"","ast-hfb-mobile-header-display":"","site-post-title":"","ast-breadcrumbs-content":"","ast-featured-img":"","footer-sml-layout":"","ast-disable-related-posts":"","theme-transparent-header-meta":"default","adv-header-id-meta":"","stick-header-meta":"default","header-above-stick-meta":"","header-main-stick-meta":"","header-below-stick-meta":"","astra-migrate-meta-layouts":"default","ast-page-background-enabled":"default","ast-page-background-meta":{"desktop":{"background-color":"","background-image":"","background-repeat":"repeat","background-position":"center center","background-size":"auto","background-attachment":"scroll","background-type":"","background-media":"","overlay-type":"","overlay-color":"","overlay-opacity":"","overlay-gradient":""},"tablet":{"background-color":"","background-image":"","background-repeat":"repeat","background-position":"center center","background-size":"auto","background-attachment":"scroll","background-type":"","background-media":"","overlay-type":"","overlay-color":"","overlay-opacity":"","overlay-gradient":""},"mobile":{"background-color":"","background-image":"","background-repeat":"repeat","background-position":"center center","background-size":"auto","background-attachment":"scroll","background-type":"","background-media":"","overlay-type":"","overlay-color":"","overlay-opacity":"","overlay-gradient":""}},"ast-content-background-meta":{"desktop":{"background-color":"var(--ast-global-color-5)","background-image":"","background-repeat":"repeat","background-position":"center center","background-size":"auto","background-attachment":"scroll","background-type":"","background-media":"","overlay-type":"","overlay-color":"","overlay-opacity":"","overlay-gradient":""},"tablet":{"background-color":"var(--ast-global-color-5)","background-image":"","background-repeat":"repeat","background-position":"center center","background-size":"auto","background-attachment":"scroll","background-type":"","background-media":"","overlay-type":"","overlay-color":"","overlay-opacity":"","overlay-gradient":""},"mobile":{"background-color":"var(--ast-global-color-5)","background-image":"","background-repeat":"repeat","background-position":"center center","background-size":"auto","background-attachment":"scroll","background-type":"","background-media":"","overlay-type":"","overlay-color":"","overlay-opacity":"","overlay-gradient":""}},"_joinchat":[],"footnotes":""},"categories":[14],"tags":[17,16,18],"class_list":["post-1348","post","type-post","status-publish","format-standard","has-post-thumbnail","hentry","category-mercado-del-puerto","tag-covid19","tag-mercado-del-puerto","tag-protocolo-sanitario"],"_links":{"self":[{"href":"https:\/\/www.lachacradelpuerto.uy\/index.php\/wp-json\/wp\/v2\/posts\/1348","targetHints":{"allow":["GET"]}}],"collection":[{"href":"https:\/\/www.lachacradelpuerto.uy\/index.php\/wp-json\/wp\/v2\/posts"}],"about":[{"href":"https:\/\/www.lachacradelpuerto.uy\/index.php\/wp-json\/wp\/v2\/types\/post"}],"author":[{"embeddable":true,"href":"https:\/\/www.lachacradelpuerto.uy\/index.php\/wp-json\/wp\/v2\/users\/1"}],"replies":[{"embeddable":true,"href":"https:\/\/www.lachacradelpuerto.uy\/index.php\/wp-json\/wp\/v2\/comments?post=1348"}],"version-history":[{"count":21,"href":"https:\/\/www.lachacradelpuerto.uy\/index.php\/wp-json\/wp\/v2\/posts\/1348\/revisions"}],"predecessor-version":[{"id":1552,"href":"https:\/\/www.lachacradelpuerto.uy\/index.php\/wp-json\/wp\/v2\/posts\/1348\/revisions\/1552"}],"wp:featuredmedia":[{"embeddable":true,"href":"https:\/\/www.lachacradelpuerto.uy\/index.php\/wp-json\/wp\/v2\/media\/1349"}],"wp:attachment":[{"href":"https:\/\/www.lachacradelpuerto.uy\/index.php\/wp-json\/wp\/v2\/media?parent=1348"}],"wp:term":[{"taxonomy":"category","embeddable":true,"href":"https:\/\/www.lachacradelpuerto.uy\/index.php\/wp-json\/wp\/v2\/categories?post=1348"},{"taxonomy":"post_tag","embeddable":true,"href":"https:\/\/www.lachacradelpuerto.uy\/index.php\/wp-json\/wp\/v2\/tags?post=1348"}],"curies":[{"name":"wp","href":"https:\/\/api.w.org\/{rel}","templated":true}]}}